{"id":92,"date":"2016-04-03T22:35:47","date_gmt":"2016-04-03T20:35:47","guid":{"rendered":"http:\/\/www.danielisverlag.de\/?p=92"},"modified":"2021-03-17T00:29:41","modified_gmt":"2021-03-16T22:29:41","slug":"pfingsten-und-der-heilige-geist","status":"publish","type":"post","link":"https:\/\/www.danielisverlag.de\/?p=92","title":{"rendered":"Pfingsten und der Heilige Geist"},"content":{"rendered":"<p>Vor etwas mehr als 100 Jahren starb in Italien eine Heilige, die \u00fcber ihre Heimat hinaus (sehr zu unrecht) nur wenig bekannt ist: die selige Elena Guerra. Als Kind wohlhabender Eltern war sie sehr gebildet. Schon in sehr jungen Jahren entschied sie sich, ihre Privilegien zugunsten der Armen und Bed\u00fcrftigen aufzugeben. Sie k\u00fcmmerte sich intensiv um Notleidende und gr\u00fcndete eine Schule f\u00fcr M\u00e4dchen, in der u.a. die heilige Gemma Galgani zu ihren Sch\u00fclerinnen geh\u00f6rte.<\/p>\n<p>Die selige Elena Guerra war eine Frau des Apostolates mit einer &#8222;goldenen Feder&#8220;. Am bedeutendsten ist ihr Beitrag zur &#8222;Wiederentdeckung&#8220; des Heiligen Geistes in der katholischen Kirche in einer Zeit, da die Verehrung des Heiligen Geistes sehr in den Hintergrund ger\u00fcckt zu sein schien. Aufgrund eines direkten Auftrags von Gott schrieb Elena ab 1895 insgesamt 10 Briefe an Papst Leo XIII. mit der Bitte, der Verehrung des Heiligen Geistes in der Kirche neuen Auftrieb zu geben. Eine Frucht ihrer Briefe war die Enzyklika <em>Divinum Illud Munus<\/em> des Papstes \u00fcber den Heiligen Geist.<\/p>\n<p>Das Anliegen dieser Seligen ist heute ebenso aktuell wie vor hundert Jahren: die Erneuerung der Kirche durch das verst\u00e4rkte, intensive Gebet zum Heiligen Geist. Bleibt zu w\u00fcnschen, dass dieses gro\u00dfe Anliegen der seligen Elena auch in unseren Breiten neu Geh\u00f6r findet und umgesetzt wird!<\/p>\n<p>Weitere Details, Texte und Gebete von bzw. \u00fcber diese wichtige Wegbereiterin der charismatischen Erneuerung in der katholischen Kirche finden sich in dem Buch: <strong>Selige Elena Guerra &#8211; Apostelin des Heiligen Geistes &#8211; die Frau des Neuen Pfingsten.<\/strong><\/p>\n","protected":false},"excerpt":{"rendered":"<p>Vor etwas mehr als 100 Jahren starb in Italien eine Heilige, die \u00fcber ihre Heimat hinaus (sehr zu unrecht) nur wenig bekannt ist: die selige Elena Guerra. Als Kind wohlhabender Eltern war sie sehr gebildet. Schon in sehr jungen Jahren entschied sie sich, ihre Privilegien zugunsten der Armen und Bed\u00fcrftigen aufzugeben. Sie k\u00fcmmerte sich intensiv [&hellip;]<\/p>\n","protected":false},"author":2,"featured_media":223,"comment_status":"closed","ping_status":"closed","sticky":false,"template":"","format":"standard","meta":{"footnotes":""},"categories":[1],"tags":[11,10,9],"class_list":["post-92","post","type-post","status-publish","format-standard","has-post-thumbnail","hentry","category-blog","tag-charismatische-erneuerung","tag-elena-guerra","tag-pfingsten"],"_links":{"self":[{"href":"https:\/\/www.danielisverlag.de\/index.php?rest_route=\/wp\/v2\/posts\/92","targetHints":{"allow":["GET"]}}],"collection":[{"href":"https:\/\/www.danielisverlag.de\/index.php?rest_route=\/wp\/v2\/posts"}],"about":[{"href":"https:\/\/www.danielisverlag.de\/index.php?rest_route=\/wp\/v2\/types\/post"}],"author":[{"embeddable":true,"href":"https:\/\/www.danielisverlag.de\/index.php?rest_route=\/wp\/v2\/users\/2"}],"replies":[{"embeddable":true,"href":"https:\/\/www.danielisverlag.de\/index.php?rest_route=%2Fwp%2Fv2%2Fcomments&post=92"}],"version-history":[{"count":2,"href":"https:\/\/www.danielisverlag.de\/index.php?rest_route=\/wp\/v2\/posts\/92\/revisions"}],"predecessor-version":[{"id":224,"href":"https:\/\/www.danielisverlag.de\/index.php?rest_route=\/wp\/v2\/posts\/92\/revisions\/224"}],"wp:featuredmedia":[{"embeddable":true,"href":"https:\/\/www.danielisverlag.de\/index.php?rest_route=\/wp\/v2\/media\/223"}],"wp:attachment":[{"href":"https:\/\/www.danielisverlag.de\/index.php?rest_route=%2Fwp%2Fv2%2Fmedia&parent=92"}],"wp:term":[{"taxonomy":"category","embeddable":true,"href":"https:\/\/www.danielisverlag.de\/index.php?rest_route=%2Fwp%2Fv2%2Fcategories&post=92"},{"taxonomy":"post_tag","embeddable":true,"href":"https:\/\/www.danielisverlag.de\/index.php?rest_route=%2Fwp%2Fv2%2Ftags&post=92"}],"curies":[{"name":"wp","href":"https:\/\/api.w.org\/{rel}","templated":true}]}}